{"id":441,"date":"2020-02-12T09:45:25","date_gmt":"2020-02-12T08:45:25","guid":{"rendered":"http:\/\/eloge.net\/?p=441"},"modified":"2020-02-12T10:22:19","modified_gmt":"2020-02-12T09:22:19","slug":"cfe-centre-de-formalites-des-entreprises","status":"publish","type":"post","link":"https:\/\/eloge.net\/index.php\/2020\/02\/12\/cfe-centre-de-formalites-des-entreprises\/","title":{"rendered":"CFE Centre de Formalit\u00e9s des Entreprises"},"content":{"rendered":"<h4><a href=\"https:\/\/www.essonne.cci.fr\/creation-reprise-et-cession-dentreprise\/centres-de-formalites-des-entreprises\"><span style=\"color: #ff00ff;\">CFE dans l&rsquo;Essonne<\/span><\/a><\/h4>\n<h3>ACTIVITES\u00a0\u00a0et CFE (Centre de Formalit\u00e9s des Entreprises) Comp\u00e9tent<\/h3>\n<p style=\"text-align: left;\">Industrielle, commerciale, soci\u00e9t\u00e9 commerciale, sans activit\u00e9 artisanale :\u00a0\u00a0CCI<\/p>\n<p>Personne physique (EI) ou soci\u00e9t\u00e9 avec activit\u00e9 artisanale : Chambre des M\u00e9tiers et de l&rsquo;Artisanat<\/p>\n<p>Soci\u00e9t\u00e9 d&rsquo;exercice lib\u00e9rale, soci\u00e9t\u00e9 civile, agent commercial :Greffe du Tribunal de Commerce<\/p>\n<p>Personne physique exer\u00e7ant une activit\u00e9 lib\u00e9rale (r\u00e8glement\u00e9e ou non) :\u00a0URSSAF<\/p>\n<p>Artiste, auteur, autre structure (ex : association) : Centre des Imp\u00f4ts<\/p>\n<h2 lang=\"zxx\">R\u00f4le du CFE<\/h2>\n<p lang=\"zxx\">\u00a0 Apr\u00e8s r\u00e9ception de votre d\u00e9claration de cr\u00e9ation ou de modification, le CFE la transmet le jour m\u00eame \u00e0 tous les organismes destinataires (service des imp\u00f4ts des entreprises, URSSAF,etc).<!--more--><\/p>\n<p lang=\"zxx\">La transmission de votre d\u00e9claration de cr\u00e9ation entra\u00eene automatiquement :<\/p>\n<ul>\n<li>\n<p lang=\"zxx\">votre inscription au r\u00e9pertoire national des entreprises et des \u00e9tablissements (SIRENE) ;<\/p>\n<\/li>\n<\/ul>\n<ul>\n<li>\n<p lang=\"zxx\">la d\u00e9livrance par l&rsquo;INSEE de votre num\u00e9ro d&rsquo;identification SIRET (c&rsquo;est ce num\u00e9ro qui vous sert dans vos relations avec les administrations) ;<\/p>\n<\/li>\n<\/ul>\n<ul>\n<li>\n<p lang=\"zxx\">le cas \u00e9ch\u00e9ant, l&rsquo;attribution d&rsquo;un num\u00e9ro de TVA intra-communautaire par votre service des imp\u00f4ts des entreprises pour vos op\u00e9rations commerciales au sein de l&rsquo;union europ\u00e9enne.<\/p>\n<\/li>\n<\/ul>\n<div id='share-me'><ul class='share-left'><li><a href=\"http:\/\/www.facebook.com\/sharer.php?u=https:\/\/eloge.net\/index.php\/2020\/02\/12\/cfe-centre-de-formalites-des-entreprises\/&t=CFE+Centre+de+Formalit%C3%A9s+des+Entreprises\" alt=\"Share on Facebook\" title=\"Share on Facebook\"   onclick=\"return smWindowpop(this.href,545,433)\"><img alt = \"\" src = \"https:\/\/eloge.net\/wp-content\/plugins\/share-me\/\/assets\/images\/simple\/facebook.png\"  height=\"32px\"  width=\"32px\"><\/a><\/li><li><a href=\"https:\/\/plusone.google.com\/_\/+1\/confirm?hl=fr-FR&url=https:\/\/eloge.net\/index.php\/2020\/02\/12\/cfe-centre-de-formalites-des-entreprises\/\" alt=\"Share on Google+\" title=\"Share on Google+\"  target=\"_blank\" onclick=\"return smWindowpop(this.href,545,433)\"><img alt = \"\" src = \"https:\/\/eloge.net\/wp-content\/plugins\/share-me\/\/assets\/images\/simple\/googleplus.png\"  height=\"32px\"  width=\"32px\"><\/a><\/li><li><a href=\"http:\/\/www.linkedin.com\/shareArticle?mini=true&url=https:\/\/eloge.net\/index.php\/2020\/02\/12\/cfe-centre-de-formalites-des-entreprises\/&title=CFE+Centre+de+Formalit%C3%A9s+des+Entreprises&source=E-loge\" onclick=\"return smWindowpop(this.href, 545,433)\"><img alt = \"\" src = \"https:\/\/eloge.net\/wp-content\/plugins\/share-me\/\/assets\/images\/simple\/linkedin.png\"  height=\"32px\"  width=\"32px\"><\/a><\/li><\/ul><\/div><br\/>","protected":false},"excerpt":{"rendered":"<p>CFE dans l&rsquo;Essonne ACTIVITES\u00a0\u00a0et CFE (Centre de Formalit\u00e9s des Entreprises) Comp\u00e9tent Industrielle, commerciale, soci\u00e9t\u00e9 commerciale, sans activit\u00e9 artisanale :\u00a0\u00a0CCI Personne physique (EI) ou soci\u00e9t\u00e9 avec activit\u00e9 artisanale : Chambre des M\u00e9tiers et de l&rsquo;Artisanat Soci\u00e9t\u00e9 d&rsquo;exercice lib\u00e9rale, soci\u00e9t\u00e9 civile, agent commercial :Greffe du Tribunal de Commerce Personne physique exer\u00e7ant une &hellip; <a class=\"continue-reading-link\" href=\"https:\/\/eloge.net\/index.php\/2020\/02\/12\/cfe-centre-de-formalites-des-entreprises\/\"> Continue reading <span class=\"meta-nav\">&rarr; <\/span><\/a><\/p>\n","protected":false},"author":1,"featured_media":0,"comment_status":"closed","ping_status":"closed","sticky":false,"template":"","format":"gallery","meta":[],"categories":[18,19],"tags":[10,20],"_links":{"self":[{"href":"https:\/\/eloge.net\/index.php\/wp-json\/wp\/v2\/posts\/441"}],"collection":[{"href":"https:\/\/eloge.net\/index.php\/wp-json\/wp\/v2\/posts"}],"about":[{"href":"https:\/\/eloge.net\/index.php\/wp-json\/wp\/v2\/types\/post"}],"author":[{"embeddable":true,"href":"https:\/\/eloge.net\/index.php\/wp-json\/wp\/v2\/users\/1"}],"replies":[{"embeddable":true,"href":"https:\/\/eloge.net\/index.php\/wp-json\/wp\/v2\/comments?post=441"}],"version-history":[{"count":9,"href":"https:\/\/eloge.net\/index.php\/wp-json\/wp\/v2\/posts\/441\/revisions"}],"predecessor-version":[{"id":928,"href":"https:\/\/eloge.net\/index.php\/wp-json\/wp\/v2\/posts\/441\/revisions\/928"}],"wp:attachment":[{"href":"https:\/\/eloge.net\/index.php\/wp-json\/wp\/v2\/media?parent=441"}],"wp:term":[{"taxonomy":"category","embeddable":true,"href":"https:\/\/eloge.net\/index.php\/wp-json\/wp\/v2\/categories?post=441"},{"taxonomy":"post_tag","embeddable":true,"href":"https:\/\/eloge.net\/index.php\/wp-json\/wp\/v2\/tags?post=441"}],"curies":[{"name":"wp","href":"https:\/\/api.w.org\/{rel}","templated":true}]}}